{"id":3585,"date":"2025-02-19T18:41:01","date_gmt":"2025-02-19T18:41:01","guid":{"rendered":"https:\/\/sof.town\/?p=3585"},"modified":"2025-02-19T19:03:03","modified_gmt":"2025-02-19T19:03:03","slug":"dia-nacional-de-barbados","status":"publish","type":"post","link":"https:\/\/sof.town\/en\/dia-nacional-de-barbados\/","title":{"rendered":"Dia Nacional de Barbados"},"content":{"rendered":"<h3 class=\"wp-block-heading\"><strong>Barbados no Brasil: Uma noite de celebra\u00e7\u00e3o no Softown<\/strong><\/h3>\n\n\n\n<p>No dia <strong>28 de novembro de 2023<\/strong>, o Softown recebeu um evento especial: a celebra\u00e7\u00e3o do <strong>Dia Nacional de Barbados<\/strong>. Organizado pela <strong>Embaixada de Barbados no Brasil<\/strong> e comandado pela <strong>Embaixadora Tonika Thompson<\/strong>, a noite reuniu <strong>autoridades, diplomatas e convidados exclusivos<\/strong> para um encontro marcado por cultura, conex\u00e3o e diplomacia.<\/p>\n\n\n\n<h3 class=\"wp-block-heading\"><strong>Encontros que fazem hist\u00f3ria<\/strong><\/h3>\n\n\n\n<p>Com a presen\u00e7a de <strong>Margareth Menezes<\/strong>, Ministra da Cultura do Brasil, al\u00e9m de <strong>embaixadores e representantes governamentais<\/strong>, a celebra\u00e7\u00e3o refor\u00e7ou os la\u00e7os entre Brasil e Barbados. O evento trouxe discursos inspiradores, trocas valiosas e um olhar sobre a cultura barbadiana, ressaltando a import\u00e2ncia dessa conex\u00e3o entre as na\u00e7\u00f5es.<\/p>\n\n\n\n<h3 class=\"wp-block-heading\"><strong>O Softown como cen\u00e1rio de experi\u00eancias \u00fanicas<\/strong><\/h3>\n\n\n\n<p>Com um espa\u00e7o pensado para eventos memor\u00e1veis, o Softown se mostrou o lugar ideal para essa ocasi\u00e3o especial. Em um ambiente sofisticado e envolvente, os aproximadamente <strong>120 convidados<\/strong> puderam desfrutar de momentos de celebra\u00e7\u00e3o e integra\u00e7\u00e3o, fortalecendo o interc\u00e2mbio cultural e diplom\u00e1tico.<\/p>\n\n\n\n<h3 class=\"wp-block-heading\"><strong>Uma parceria que se fortalece<\/strong><\/h3>\n\n\n\n<p>Mais do que uma celebra\u00e7\u00e3o, o evento foi um marco nas rela\u00e7\u00f5es entre Barbados e Brasil. O Softown segue consolidando seu papel como destino de experi\u00eancias aut\u00eanticas, criando encontros que v\u00e3o al\u00e9m do comum. Que essa conex\u00e3o siga rendendo novas hist\u00f3rias e oportunidades.<\/p>\n\n\n\n<p><\/p>","protected":false},"excerpt":{"rendered":"<p>Barbados no Brasil: Uma noite de celebra\u00e7\u00e3o no Softown<\/p>","protected":false},"author":2,"featured_media":3588,"comment_status":"open","ping_status":"open","sticky":false,"template":"","format":"standard","meta":{"_acf_changed":false,"footnotes":""},"categories":[1],"tags":[],"class_list":["post-3585","post","type-post","status-publish","format-standard","has-post-thumbnail","hentry","category-uncategorized"],"acf":[],"_links":{"self":[{"href":"https:\/\/sof.town\/en\/wp-json\/wp\/v2\/posts\/3585","targetHints":{"allow":["GET"]}}],"collection":[{"href":"https:\/\/sof.town\/en\/wp-json\/wp\/v2\/posts"}],"about":[{"href":"https:\/\/sof.town\/en\/wp-json\/wp\/v2\/types\/post"}],"author":[{"embeddable":true,"href":"https:\/\/sof.town\/en\/wp-json\/wp\/v2\/users\/2"}],"replies":[{"embeddable":true,"href":"https:\/\/sof.town\/en\/wp-json\/wp\/v2\/comments?post=3585"}],"version-history":[{"count":0,"href":"https:\/\/sof.town\/en\/wp-json\/wp\/v2\/posts\/3585\/revisions"}],"wp:featuredmedia":[{"embeddable":true,"href":"https:\/\/sof.town\/en\/wp-json\/wp\/v2\/media\/3588"}],"wp:attachment":[{"href":"https:\/\/sof.town\/en\/wp-json\/wp\/v2\/media?parent=3585"}],"wp:term":[{"taxonomy":"category","embeddable":true,"href":"https:\/\/sof.town\/en\/wp-json\/wp\/v2\/categories?post=3585"},{"taxonomy":"post_tag","embeddable":true,"href":"https:\/\/sof.town\/en\/wp-json\/wp\/v2\/tags?post=3585"}],"curies":[{"name":"wp","href":"https:\/\/api.w.org\/{rel}","templated":true}]}}